{"id":1870,"date":"2025-03-04T15:07:05","date_gmt":"2025-03-04T14:07:05","guid":{"rendered":"https:\/\/www.energiversum.se\/?p=1870"},"modified":"2025-03-13T11:40:37","modified_gmt":"2025-03-13T10:40:37","slug":"d3-k2","status":"publish","type":"post","link":"https:\/\/www.energiversum.se\/?p=1870","title":{"rendered":"Vitaminerna D3 och K2"},"content":{"rendered":"\t\t<div data-elementor-type=\"wp-post\" data-elementor-id=\"1870\" class=\"elementor elementor-1870\">\n\t\t\t\t\t\t<section class=\"elementor-section elementor-top-section elementor-element elementor-element-654b427 elementor-section-boxed elementor-section-height-default elementor-section-height-default\" data-id=\"654b427\" data-element_type=\"section\">\n\t\t\t\t\t\t<div class=\"elementor-container elementor-column-gap-default\">\n\t\t\t\t\t<div class=\"elementor-column elementor-col-100 elementor-top-column elementor-element elementor-element-73c1d3e2\" data-id=\"73c1d3e2\" data-element_type=\"column\">\n\t\t\t<div class=\"elementor-widget-wrap elementor-element-populated\">\n\t\t\t\t\t\t<div class=\"elementor-element elementor-element-1478ce9b elementor-widget__width-initial elementor-widget elementor-widget-text-editor\" data-id=\"1478ce9b\" data-element_type=\"widget\" data-widget_type=\"text-editor.default\">\n\t\t\t\t<div class=\"elementor-widget-container\">\n\t\t\t\t\t\t\t\t\t<div data-draftjs-conductor-fragment=\"{&quot;blocks&quot;:[{&quot;key&quot;:&quot;ca8a8&quot;,&quot;text&quot;:&quot;Om f\u00f6rkortningarna i rubriken verkar konstiga b\u00f6r du l\u00e4sa nedanst\u00e5ende faktiskt livsviktiga information.&quot;,&quot;type&quot;:&quot;unstyled&quot;,&quot;depth&quot;:0,&quot;inlineStyleRanges&quot;:[],&quot;entityRanges&quot;:[],&quot;data&quot;:{}},{&quot;key&quot;:&quot;eejad&quot;,&quot;text&quot;:&quot; &quot;,&quot;type&quot;:&quot;unstyled&quot;,&quot;depth&quot;:0,&quot;inlineStyleRanges&quot;:[],&quot;entityRanges&quot;:[],&quot;data&quot;:{}},{&quot;key&quot;:&quot;3pc4&quot;,&quot;text&quot;:&quot;D3 st\u00e5r f\u00f6r Vitamin D3 (kolekalciferol) och \u00e4r en viktig vitamin som p\u00e5verkar kroppens funktioner och genuttryck p\u00e5 m\u00e5nga s\u00e4tt. Brist p\u00e5 D-vitamin bidrar d\u00e4rf\u00f6r till en l\u00e5ng rad av symptom och sjukdomstillst\u00e5nd - bl.a reglerar D-vitaminet skelettets styrka.&quot;,&quot;type&quot;:&quot;unstyled&quot;,&quot;depth&quot;:0,&quot;inlineStyleRanges&quot;:[],&quot;entityRanges&quot;:[],&quot;data&quot;:{}},{&quot;key&quot;:&quot;9pk8s&quot;,&quot;text&quot;:&quot;Brist p\u00e5 D-vitaminet under vintern f\u00e5r n\u00e4stan alla m\u00e4nniskor p\u00e5 nordligare breddgrader. Huvudorsaken \u00e4r att under vinterhalv\u00e5ret ligger solen f\u00f6r l\u00e5gt f\u00f6r att vi skall f\u00e5 n\u00e5gon D-vitamin genom solning undan m\u00e5ste f\u00f6rlita oss p\u00e5 kosttillskott och att \u00e4ta D-vitaminrik mat som fisk och mejeriprodukter (vissa \u00e4r D-vitaminberikade).&quot;,&quot;type&quot;:&quot;unstyled&quot;,&quot;depth&quot;:0,&quot;inlineStyleRanges&quot;:[],&quot;entityRanges&quot;:[],&quot;data&quot;:{}},{&quot;key&quot;:&quot;b3g7c&quot;,&quot;text&quot;:&quot; &quot;,&quot;type&quot;:&quot;unstyled&quot;,&quot;depth&quot;:0,&quot;inlineStyleRanges&quot;:[],&quot;entityRanges&quot;:[],&quot;data&quot;:{}},{&quot;key&quot;:&quot;2j95r&quot;,&quot;text&quot;:&quot;K2 \u00e4r (f\u00f6rutom ett h\u00f6gt berg) ett relativt ok\u00e4nt vitamin som samverkar med D-vitaminet f\u00f6r att uppr\u00e4tth\u00e5lla normal benstomme. Fenomenet med samverkan av n\u00e4rings\u00e4mnen kallas f\u00f6r synergi. \u00c4ven K2 kan f\u00e5s fr\u00e5n kosten, i svensk kost surstr\u00f6mming, lever och m\u00f6gelostar. &quot;,&quot;type&quot;:&quot;unstyled&quot;,&quot;depth&quot;:0,&quot;inlineStyleRanges&quot;:[],&quot;entityRanges&quot;:[],&quot;data&quot;:{}},{&quot;key&quot;:&quot;1r951&quot;,&quot;text&quot;:&quot; &quot;,&quot;type&quot;:&quot;unstyled&quot;,&quot;depth&quot;:0,&quot;inlineStyleRanges&quot;:[],&quot;entityRanges&quot;:[],&quot;data&quot;:{}},{&quot;key&quot;:&quot;d18ee&quot;,&quot;text&quot;:&quot;B\u00e5da vitaminerna kan vara sv\u00e5ra att \u00e4ta i tillr\u00e4cklig m\u00e4ngd och ett kosttillskott under vinterhalv\u00e5ret rekommenderas. Ett bra kosttillskott som inneh\u00e5ller b\u00e5de D3 och K2 finner du h\u00e4r.&quot;,&quot;type&quot;:&quot;unstyled&quot;,&quot;depth&quot;:0,&quot;inlineStyleRanges&quot;:[],&quot;entityRanges&quot;:[{&quot;offset&quot;:180,&quot;length&quot;:3,&quot;key&quot;:0}],&quot;data&quot;:{}},{&quot;key&quot;:&quot;7ansb&quot;,&quot;text&quot;:&quot;Vill du veta mer s\u00e5 rekommenderar jag denna hemsida&quot;,&quot;type&quot;:&quot;unstyled&quot;,&quot;depth&quot;:0,&quot;inlineStyleRanges&quot;:[],&quot;entityRanges&quot;:[{&quot;offset&quot;:44,&quot;length&quot;:7,&quot;key&quot;:1}],&quot;data&quot;:{}}],&quot;entityMap&quot;:{&quot;0&quot;:{&quot;type&quot;:&quot;LINK&quot;,&quot;mutability&quot;:&quot;MUTABLE&quot;,&quot;data&quot;:{&quot;url&quot;:&quot;energiversum.se\/butik\/superfood-kosttillskott\/14-k2-d3.html&quot;,&quot;target&quot;:&quot;_blank&quot;,&quot;rel&quot;:&quot;noopener&quot;}},&quot;1&quot;:{&quot;type&quot;:&quot;LINK&quot;,&quot;mutability&quot;:&quot;MUTABLE&quot;,&quot;data&quot;:{&quot;url&quot;:&quot;kurera.se\/tag\/d-vitamin\/&quot;,&quot;target&quot;:&quot;_blank&quot;,&quot;rel&quot;:&quot;noopener&quot;}}},&quot;VERSION&quot;:&quot;9.14.4&quot;}\"><div class=\"JvlZN rqyPc p7Opnu public-DraftStyleDefault-block-depth0 public-DraftStyleDefault-text-ltr fixed-tab-size rich_content_P\" data-block=\"true\" data-editor=\"editor\" data-offset-key=\"wrdy0-0-0\"><p><a href=\"https:\/\/kurera.se\/k-och-d-vitamin-i-kombo-minskar-benskorhet-och-framjar-hjarthalsan\/\" target=\"_blank\" rel=\"noopener\">L\u00c4NK. <\/a>Om f\u00f6rkortningarna i rubriken verkar konstiga b\u00f6r du l\u00e4sa nedanst\u00e5ende faktiskt livsviktiga information.<span style=\"color: var( --e-global-color-text ); font-family: var( --e-global-typography-text-font-family ), Sans-serif; font-size: 17px;\">\u00a0<\/span><\/p><\/div><p><strong>D3<\/strong> st\u00e5r f\u00f6r Vitamin <strong>D3<\/strong> (kolekalciferol) och \u00e4r en viktig vitamin som p\u00e5verkar kroppens funktioner och genuttryck p\u00e5 m\u00e5nga s\u00e4tt. Brist p\u00e5 D-vitamin bidrar d\u00e4rf\u00f6r till en l\u00e5ng rad av symptom och sjukdomstillst\u00e5nd &#8211; bl.a reglerar D-vitaminet skelettets styrka.<\/p><p>Brist p\u00e5 D-vitaminet under vintern f\u00e5r n\u00e4stan alla m\u00e4nniskor p\u00e5 nordligare breddgrader. Huvudorsaken \u00e4r att under vinterhalv\u00e5ret ligger solen f\u00f6r l\u00e5gt f\u00f6r att vi skall f\u00e5 n\u00e5gon D-vitamin genom solning undan m\u00e5ste f\u00f6rlita oss p\u00e5 kosttillskott och att \u00e4ta D-vitaminrik mat som fisk och mejeriprodukter (vissa \u00e4r D-vitaminberikade).<\/p><p><strong>K2<\/strong> \u00e4r (f\u00f6rutom ett h\u00f6gt berg) ett relativt ok\u00e4nt vitamin som samverkar med D-vitaminet f\u00f6r att uppr\u00e4tth\u00e5lla normal benstomme. Fenomenet med samverkan av n\u00e4rings\u00e4mnen kallas f\u00f6r synergi.<\/p><p>\u00c4ven vitamine\u00b4K2 kan f\u00e5s fr\u00e5n kosten, i svensk kost surstr\u00f6mming, lever och m\u00f6gelostar.<\/p><p>B\u00e5da vitaminerna kan vara sv\u00e5ra att \u00e4ta i tillr\u00e4cklig m\u00e4ngd och ett kosttillskott under vinterhalv\u00e5ret rekommenderas. Ett bra kosttillskott som inneh\u00e5ller b\u00e5de <strong>D3<\/strong> och <strong>K2<\/strong> finner du <a class=\"TWoY9 itht3\" href=\"http:\/\/www.energiversum.se\" target=\"_blank\" rel=\"noopener noreferrer\" data-hook=\"linkViewer\">h\u00e4r<\/a>. Klicka p\u00e5 Butik!<\/p><p>Vill du veta mer s\u00e5 rekommenderar jag denna <span style=\"font-size: 1.2em;\" data-offset-key=\"bab36-1-0\"><a class=\"TWoY9 itht3\" href=\"http:\/\/kurera.se\/tag\/d-vitamin\/\" target=\"_blank\" rel=\"noopener noreferrer\" data-hook=\"linkViewer\">hemsida<\/a><br \/><br \/><\/span><span style=\"font-size: 1.2em;\">Hilding Eklund<br \/><em>Dipl. massageterapeut<\/em><\/span><\/p><\/div>\t\t\t\t\t\t\t\t<\/div>\n\t\t\t\t<\/div>\n\t\t\t\t\t<\/div>\n\t\t<\/div>\n\t\t\t\t\t<\/div>\n\t\t<\/section>\n\t\t\t\t<\/div>\n\t\t","protected":false},"excerpt":{"rendered":"<p>L\u00c4NK. Om f\u00f6rkortningarna i rubriken verkar konstiga b\u00f6r du l\u00e4sa nedanst\u00e5ende faktiskt livsviktiga information.\u00a0 D3 st\u00e5r f\u00f6r Vitamin D3 (kolekalciferol) och \u00e4r en viktig vitamin som p\u00e5verkar kroppens funktioner och genuttryck p\u00e5 m\u00e5nga s\u00e4tt. Brist p\u00e5 D-vitamin bidrar d\u00e4rf\u00f6r till &hellip; <a href=\"https:\/\/www.energiversum.se\/?p=1870\">Forts\u00e4tt l\u00e4sa <span class=\"meta-nav\">&rarr;<\/span><\/a><\/p>\n","protected":false},"author":1,"featured_media":0,"comment_status":"open","ping_status":"open","sticky":false,"template":"","format":"standard","meta":{"footnotes":""},"categories":[46],"tags":[],"class_list":["post-1870","post","type-post","status-publish","format-standard","hentry","category-vitaminer-och-mineraler"],"yoast_head":"<!-- This site is optimized with the Yoast SEO plugin v24.6 - https:\/\/yoast.com\/wordpress\/plugins\/seo\/ -->\n<title>Vitaminerna D3 och K2 - ENERGIVERSUM<\/title>\n<meta name=\"robots\" content=\"index, follow, max-snippet:-1, max-image-preview:large, max-video-preview:-1\" \/>\n<link rel=\"canonical\" href=\"https:\/\/www.energiversum.se\/?p=1870\" \/>\n<meta property=\"og:locale\" content=\"sv_SE\" \/>\n<meta property=\"og:type\" content=\"article\" \/>\n<meta property=\"og:title\" content=\"Vitaminerna D3 och K2 - ENERGIVERSUM\" \/>\n<meta property=\"og:description\" content=\"L\u00c4NK. Om f\u00f6rkortningarna i rubriken verkar konstiga b\u00f6r du l\u00e4sa nedanst\u00e5ende faktiskt livsviktiga information.\u00a0 D3 st\u00e5r f\u00f6r Vitamin D3 (kolekalciferol) och \u00e4r en viktig vitamin som p\u00e5verkar kroppens funktioner och genuttryck p\u00e5 m\u00e5nga s\u00e4tt. Brist p\u00e5 D-vitamin bidrar d\u00e4rf\u00f6r till &hellip; Forts\u00e4tt l\u00e4sa &rarr;\" \/>\n<meta property=\"og:url\" content=\"https:\/\/www.energiversum.se\/?p=1870\" \/>\n<meta property=\"og:site_name\" content=\"ENERGIVERSUM\" \/>\n<meta property=\"article:publisher\" content=\"https:\/\/www.facebook.com\/hilding.eklund\" \/>\n<meta property=\"article:published_time\" content=\"2025-03-04T14:07:05+00:00\" \/>\n<meta property=\"article:modified_time\" content=\"2025-03-13T10:40:37+00:00\" \/>\n<meta name=\"author\" content=\"hildingadmin\" \/>\n<meta name=\"twitter:card\" content=\"summary_large_image\" \/>\n<meta name=\"twitter:label1\" content=\"Skriven av\" \/>\n\t<meta name=\"twitter:data1\" content=\"hildingadmin\" \/>\n\t<meta name=\"twitter:label2\" content=\"Ber\u00e4knad l\u00e4stid\" \/>\n\t<meta name=\"twitter:data2\" content=\"1 minut\" \/>\n<script type=\"application\/ld+json\" class=\"yoast-schema-graph\">{\"@context\":\"https:\/\/schema.org\",\"@graph\":[{\"@type\":\"Article\",\"@id\":\"https:\/\/www.energiversum.se\/?p=1870#article\",\"isPartOf\":{\"@id\":\"https:\/\/www.energiversum.se\/?p=1870\"},\"author\":{\"name\":\"hildingadmin\",\"@id\":\"https:\/\/www.energiversum.se\/#\/schema\/person\/692178565eaae192aff913c4447a8aa6\"},\"headline\":\"Vitaminerna D3 och K2\",\"datePublished\":\"2025-03-04T14:07:05+00:00\",\"dateModified\":\"2025-03-13T10:40:37+00:00\",\"mainEntityOfPage\":{\"@id\":\"https:\/\/www.energiversum.se\/?p=1870\"},\"wordCount\":236,\"commentCount\":0,\"publisher\":{\"@id\":\"https:\/\/www.energiversum.se\/#organization\"},\"articleSection\":[\"Vitaminer och Mineraler\"],\"inLanguage\":\"sv-SE\",\"potentialAction\":[{\"@type\":\"CommentAction\",\"name\":\"Comment\",\"target\":[\"https:\/\/www.energiversum.se\/?p=1870#respond\"]}]},{\"@type\":\"WebPage\",\"@id\":\"https:\/\/www.energiversum.se\/?p=1870\",\"url\":\"https:\/\/www.energiversum.se\/?p=1870\",\"name\":\"Vitaminerna D3 och K2 - ENERGIVERSUM\",\"isPartOf\":{\"@id\":\"https:\/\/www.energiversum.se\/#website\"},\"datePublished\":\"2025-03-04T14:07:05+00:00\",\"dateModified\":\"2025-03-13T10:40:37+00:00\",\"breadcrumb\":{\"@id\":\"https:\/\/www.energiversum.se\/?p=1870#breadcrumb\"},\"inLanguage\":\"sv-SE\",\"potentialAction\":[{\"@type\":\"ReadAction\",\"target\":[\"https:\/\/www.energiversum.se\/?p=1870\"]}]},{\"@type\":\"BreadcrumbList\",\"@id\":\"https:\/\/www.energiversum.se\/?p=1870#breadcrumb\",\"itemListElement\":[{\"@type\":\"ListItem\",\"position\":1,\"name\":\"Hem\",\"item\":\"https:\/\/www.energiversum.se\/\"},{\"@type\":\"ListItem\",\"position\":2,\"name\":\"Vitaminerna D3 och K2\"}]},{\"@type\":\"WebSite\",\"@id\":\"https:\/\/www.energiversum.se\/#website\",\"url\":\"https:\/\/www.energiversum.se\/\",\"name\":\"energiversum\",\"description\":\"ett litet f\u00f6retag med o\u00e4ndliga m\u00e5l\",\"publisher\":{\"@id\":\"https:\/\/www.energiversum.se\/#organization\"},\"potentialAction\":[{\"@type\":\"SearchAction\",\"target\":{\"@type\":\"EntryPoint\",\"urlTemplate\":\"https:\/\/www.energiversum.se\/?s={search_term_string}\"},\"query-input\":{\"@type\":\"PropertyValueSpecification\",\"valueRequired\":true,\"valueName\":\"search_term_string\"}}],\"inLanguage\":\"sv-SE\"},{\"@type\":\"Organization\",\"@id\":\"https:\/\/www.energiversum.se\/#organization\",\"name\":\"energiversum\",\"url\":\"https:\/\/www.energiversum.se\/\",\"logo\":{\"@type\":\"ImageObject\",\"inLanguage\":\"sv-SE\",\"@id\":\"https:\/\/www.energiversum.se\/#\/schema\/logo\/image\/\",\"url\":\"https:\/\/www.energiversum.se\/wp-content\/uploads\/2023\/06\/4a28fd_d7c9fcefb24f4f8d8ad74aa78ce9caf3_mv1-2.webp\",\"contentUrl\":\"https:\/\/www.energiversum.se\/wp-content\/uploads\/2023\/06\/4a28fd_d7c9fcefb24f4f8d8ad74aa78ce9caf3_mv1-2.webp\",\"width\":222,\"height\":223,\"caption\":\"energiversum\"},\"image\":{\"@id\":\"https:\/\/www.energiversum.se\/#\/schema\/logo\/image\/\"},\"sameAs\":[\"https:\/\/www.facebook.com\/hilding.eklund\"]},{\"@type\":\"Person\",\"@id\":\"https:\/\/www.energiversum.se\/#\/schema\/person\/692178565eaae192aff913c4447a8aa6\",\"name\":\"hildingadmin\",\"image\":{\"@type\":\"ImageObject\",\"inLanguage\":\"sv-SE\",\"@id\":\"https:\/\/www.energiversum.se\/#\/schema\/person\/image\/\",\"url\":\"https:\/\/secure.gravatar.com\/avatar\/3062dde2a83b8eaa4c8eec251670a60960dd23382ab11a9e65c98d6788f7ede6?s=96&d=mm&r=g\",\"contentUrl\":\"https:\/\/secure.gravatar.com\/avatar\/3062dde2a83b8eaa4c8eec251670a60960dd23382ab11a9e65c98d6788f7ede6?s=96&d=mm&r=g\",\"caption\":\"hildingadmin\"},\"sameAs\":[\"https:\/\/www.energiversum.se\"],\"url\":\"https:\/\/www.energiversum.se\/?author=1\"}]}<\/script>\n<!-- \/ Yoast SEO plugin. -->","yoast_head_json":{"title":"Vitaminerna D3 och K2 - ENERGIVERSUM","robots":{"index":"index","follow":"follow","max-snippet":"max-snippet:-1","max-image-preview":"max-image-preview:large","max-video-preview":"max-video-preview:-1"},"canonical":"https:\/\/www.energiversum.se\/?p=1870","og_locale":"sv_SE","og_type":"article","og_title":"Vitaminerna D3 och K2 - ENERGIVERSUM","og_description":"L\u00c4NK. Om f\u00f6rkortningarna i rubriken verkar konstiga b\u00f6r du l\u00e4sa nedanst\u00e5ende faktiskt livsviktiga information.\u00a0 D3 st\u00e5r f\u00f6r Vitamin D3 (kolekalciferol) och \u00e4r en viktig vitamin som p\u00e5verkar kroppens funktioner och genuttryck p\u00e5 m\u00e5nga s\u00e4tt. Brist p\u00e5 D-vitamin bidrar d\u00e4rf\u00f6r till &hellip; Forts\u00e4tt l\u00e4sa &rarr;","og_url":"https:\/\/www.energiversum.se\/?p=1870","og_site_name":"ENERGIVERSUM","article_publisher":"https:\/\/www.facebook.com\/hilding.eklund","article_published_time":"2025-03-04T14:07:05+00:00","article_modified_time":"2025-03-13T10:40:37+00:00","author":"hildingadmin","twitter_card":"summary_large_image","twitter_misc":{"Skriven av":"hildingadmin","Ber\u00e4knad l\u00e4stid":"1 minut"},"schema":{"@context":"https:\/\/schema.org","@graph":[{"@type":"Article","@id":"https:\/\/www.energiversum.se\/?p=1870#article","isPartOf":{"@id":"https:\/\/www.energiversum.se\/?p=1870"},"author":{"name":"hildingadmin","@id":"https:\/\/www.energiversum.se\/#\/schema\/person\/692178565eaae192aff913c4447a8aa6"},"headline":"Vitaminerna D3 och K2","datePublished":"2025-03-04T14:07:05+00:00","dateModified":"2025-03-13T10:40:37+00:00","mainEntityOfPage":{"@id":"https:\/\/www.energiversum.se\/?p=1870"},"wordCount":236,"commentCount":0,"publisher":{"@id":"https:\/\/www.energiversum.se\/#organization"},"articleSection":["Vitaminer och Mineraler"],"inLanguage":"sv-SE","potentialAction":[{"@type":"CommentAction","name":"Comment","target":["https:\/\/www.energiversum.se\/?p=1870#respond"]}]},{"@type":"WebPage","@id":"https:\/\/www.energiversum.se\/?p=1870","url":"https:\/\/www.energiversum.se\/?p=1870","name":"Vitaminerna D3 och K2 - ENERGIVERSUM","isPartOf":{"@id":"https:\/\/www.energiversum.se\/#website"},"datePublished":"2025-03-04T14:07:05+00:00","dateModified":"2025-03-13T10:40:37+00:00","breadcrumb":{"@id":"https:\/\/www.energiversum.se\/?p=1870#breadcrumb"},"inLanguage":"sv-SE","potentialAction":[{"@type":"ReadAction","target":["https:\/\/www.energiversum.se\/?p=1870"]}]},{"@type":"BreadcrumbList","@id":"https:\/\/www.energiversum.se\/?p=1870#breadcrumb","itemListElement":[{"@type":"ListItem","position":1,"name":"Hem","item":"https:\/\/www.energiversum.se\/"},{"@type":"ListItem","position":2,"name":"Vitaminerna D3 och K2"}]},{"@type":"WebSite","@id":"https:\/\/www.energiversum.se\/#website","url":"https:\/\/www.energiversum.se\/","name":"energiversum","description":"ett litet f\u00f6retag med o\u00e4ndliga m\u00e5l","publisher":{"@id":"https:\/\/www.energiversum.se\/#organization"},"potentialAction":[{"@type":"SearchAction","target":{"@type":"EntryPoint","urlTemplate":"https:\/\/www.energiversum.se\/?s={search_term_string}"},"query-input":{"@type":"PropertyValueSpecification","valueRequired":true,"valueName":"search_term_string"}}],"inLanguage":"sv-SE"},{"@type":"Organization","@id":"https:\/\/www.energiversum.se\/#organization","name":"energiversum","url":"https:\/\/www.energiversum.se\/","logo":{"@type":"ImageObject","inLanguage":"sv-SE","@id":"https:\/\/www.energiversum.se\/#\/schema\/logo\/image\/","url":"https:\/\/www.energiversum.se\/wp-content\/uploads\/2023\/06\/4a28fd_d7c9fcefb24f4f8d8ad74aa78ce9caf3_mv1-2.webp","contentUrl":"https:\/\/www.energiversum.se\/wp-content\/uploads\/2023\/06\/4a28fd_d7c9fcefb24f4f8d8ad74aa78ce9caf3_mv1-2.webp","width":222,"height":223,"caption":"energiversum"},"image":{"@id":"https:\/\/www.energiversum.se\/#\/schema\/logo\/image\/"},"sameAs":["https:\/\/www.facebook.com\/hilding.eklund"]},{"@type":"Person","@id":"https:\/\/www.energiversum.se\/#\/schema\/person\/692178565eaae192aff913c4447a8aa6","name":"hildingadmin","image":{"@type":"ImageObject","inLanguage":"sv-SE","@id":"https:\/\/www.energiversum.se\/#\/schema\/person\/image\/","url":"https:\/\/secure.gravatar.com\/avatar\/3062dde2a83b8eaa4c8eec251670a60960dd23382ab11a9e65c98d6788f7ede6?s=96&d=mm&r=g","contentUrl":"https:\/\/secure.gravatar.com\/avatar\/3062dde2a83b8eaa4c8eec251670a60960dd23382ab11a9e65c98d6788f7ede6?s=96&d=mm&r=g","caption":"hildingadmin"},"sameAs":["https:\/\/www.energiversum.se"],"url":"https:\/\/www.energiversum.se\/?author=1"}]}},"_links":{"self":[{"href":"https:\/\/www.energiversum.se\/index.php?rest_route=\/wp\/v2\/posts\/1870","targetHints":{"allow":["GET"]}}],"collection":[{"href":"https:\/\/www.energiversum.se\/index.php?rest_route=\/wp\/v2\/posts"}],"about":[{"href":"https:\/\/www.energiversum.se\/index.php?rest_route=\/wp\/v2\/types\/post"}],"author":[{"embeddable":true,"href":"https:\/\/www.energiversum.se\/index.php?rest_route=\/wp\/v2\/users\/1"}],"replies":[{"embeddable":true,"href":"https:\/\/www.energiversum.se\/index.php?rest_route=%2Fwp%2Fv2%2Fcomments&post=1870"}],"version-history":[{"count":23,"href":"https:\/\/www.energiversum.se\/index.php?rest_route=\/wp\/v2\/posts\/1870\/revisions"}],"predecessor-version":[{"id":3242,"href":"https:\/\/www.energiversum.se\/index.php?rest_route=\/wp\/v2\/posts\/1870\/revisions\/3242"}],"wp:attachment":[{"href":"https:\/\/www.energiversum.se\/index.php?rest_route=%2Fwp%2Fv2%2Fmedia&parent=1870"}],"wp:term":[{"taxonomy":"category","embeddable":true,"href":"https:\/\/www.energiversum.se\/index.php?rest_route=%2Fwp%2Fv2%2Fcategories&post=1870"},{"taxonomy":"post_tag","embeddable":true,"href":"https:\/\/www.energiversum.se\/index.php?rest_route=%2Fwp%2Fv2%2Ftags&post=1870"}],"curies":[{"name":"wp","href":"https:\/\/api.w.org\/{rel}","templated":true}]}}